{"id":525,"date":"2021-03-31T16:36:34","date_gmt":"2021-03-31T16:36:34","guid":{"rendered":"https:\/\/comune.cerroalvolturno.is.it\/i\/?p=525"},"modified":"2021-03-31T20:43:26","modified_gmt":"2021-03-31T20:43:26","slug":"palio-delle-contrade-cerresi","status":"publish","type":"post","link":"https:\/\/comune.cerroalvolturno.is.it\/i\/2021\/03\/31\/palio-delle-contrade-cerresi\/","title":{"rendered":"PALIO DELLE CONTRADE CERRESI"},"content":{"rendered":"<p>[vc_row][vc_column][vc_column_text]Sfida a suon di giochi popolari, prove di abilit\u00e0 e sfilata dei carri tra la quattro contrade<\/p>\n<p><strong>Monte <\/strong>(Foci, San Vittorino e Cerreta)<\/p>\n<p><strong>Rio<\/strong> ( Cupone, San Giovanni, Mancini, Piano d&#8217;Ischia e Case)<\/p>\n<p><strong>Torre<\/strong> (Foresta, Cerro Centro e Rione Castello)<\/p>\n<p><strong>Colle<\/strong> (Petrara, Santilli, Valloni e Rossi).<\/p>\n<p>La Contrada che vince detiene per un anno il Piatto e lo riconsegner\u00e0 alla riapertura della manifestazione dell&#8217;anno successivo al Sindaco ed al Presidente della Pro Loco.<\/p>\n<p>Da qualche anno, al fine di rendere pi\u00f9 entusiasmante la competizione, \u00e8 previsto l&#8217;allestimento di un carro a tema scelto dalla Pro Loco avente carattere di attualit\u00e0, storia, cultura e tradizioni, sia di carattere nazionale che prettamente locale.<\/p>\n<p>Ideata nel 1996 dalla Pro Loco presieduta dal Dott. Costa, la manifestazione mette di fronte le contrade in giochi popolari un tempo in auge ed ora quasi dimenticati.<\/p>\n<p>All&#8217;epoca era consuetudine anche il calcio fiorentino e la consegna delle chiavi del paese al feudatario.[\/vc_column_text][\/vc_column][\/vc_row][vc_row][vc_column][vc_custom_heading text=&#8221;Fotogallery dell&#8217;evento&#8221; font_container=&#8221;tag:h3|text_align:left&#8221; use_theme_fonts=&#8221;yes&#8221;][\/vc_column][\/vc_row][vc_row][vc_column]<div class=\"evc-gallery-block evc-shortcode  evc-gb-featured-top evc-tiny-space \">\n\t<div class=\"evc-gb-wrapper evc-element-wrapper\">\n\t\t\t\t\t<div class=\"evc-gb-image-wrapper evc-element-item evc-gb-featured-image\">\n\t\t\t\t<div class=\"evc-gb-image evc-ib-lightbox\">\n\t\t\t\t\t\t\t\t\t\t\n\t\t\t\t\t\t\t\t\t\t\t<a class=\"evc-gb-lightbox\" href=\"https:\/\/comune.cerroalvolturno.is.it\/i\/wp-content\/uploads\/2021\/03\/Palio-6.jpg\" data-lightbox=\"evc-gb-lb-3521\" data-title=\"Palio 6\">\n\t\t\t\t\t\t\t\t\t\t\n\t\t\t\t\t<img loading=\"lazy\" decoding=\"async\" width=\"1600\" height=\"900\" src=\"https:\/\/comune.cerroalvolturno.is.it\/i\/wp-content\/uploads\/2021\/03\/Palio-6.jpg\" class=\"attachment-full size-full\" alt=\"\" srcset=\"https:\/\/comune.cerroalvolturno.is.it\/i\/wp-content\/uploads\/2021\/03\/Palio-6.jpg 1600w, https:\/\/comune.cerroalvolturno.is.it\/i\/wp-content\/uploads\/2021\/03\/Palio-6-300x169.jpg 300w, https:\/\/comune.cerroalvolturno.is.it\/i\/wp-content\/uploads\/2021\/03\/Palio-6-1024x576.jpg 1024w, https:\/\/comune.cerroalvolturno.is.it\/i\/wp-content\/uploads\/2021\/03\/Palio-6-768x432.jpg 768w, https:\/\/comune.cerroalvolturno.is.it\/i\/wp-content\/uploads\/2021\/03\/Palio-6-1536x864.jpg 1536w\" sizes=\"auto, (max-width: 1600px) 100vw, 1600px\" \/>\t\t\t\t\t\n\t\t\t\t\t\t\t\t\t\t\t<\/a>\n\t\t\t\t\t\t\t\t\t<\/div>\n\t\t\t<\/div>\n\t\t\t\t\t<div class=\"evc-gb-image-wrapper evc-element-item \">\n\t\t\t\t<div class=\"evc-gb-image evc-ib-lightbox\">\n\t\t\t\t\t\t\t\t\t\t\n\t\t\t\t\t\t\t\t\t\t\t<a class=\"evc-gb-lightbox\" href=\"https:\/\/comune.cerroalvolturno.is.it\/i\/wp-content\/uploads\/2021\/03\/Palio-9.jpg\" data-lightbox=\"evc-gb-lb-3521\" data-title=\"Palio 9\">\n\t\t\t\t\t\t\t\t\t\t\n\t\t\t\t\t<img loading=\"lazy\" decoding=\"async\" width=\"552\" height=\"309\" src=\"https:\/\/comune.cerroalvolturno.is.it\/i\/wp-content\/uploads\/2021\/03\/Palio-9.jpg\" class=\"attachment-full size-full\" alt=\"\" srcset=\"https:\/\/comune.cerroalvolturno.is.it\/i\/wp-content\/uploads\/2021\/03\/Palio-9.jpg 552w, https:\/\/comune.cerroalvolturno.is.it\/i\/wp-content\/uploads\/2021\/03\/Palio-9-300x168.jpg 300w\" sizes=\"auto, (max-width: 552px) 100vw, 552px\" \/>\t\t\t\t\t\n\t\t\t\t\t\t\t\t\t\t\t<\/a>\n\t\t\t\t\t\t\t\t\t<\/div>\n\t\t\t<\/div>\n\t\t\t\t\t<div class=\"evc-gb-image-wrapper evc-element-item \">\n\t\t\t\t<div class=\"evc-gb-image evc-ib-lightbox\">\n\t\t\t\t\t\t\t\t\t\t\n\t\t\t\t\t\t\t\t\t\t\t<a class=\"evc-gb-lightbox\" href=\"https:\/\/comune.cerroalvolturno.is.it\/i\/wp-content\/uploads\/2021\/03\/Palio-8.jpg\" data-lightbox=\"evc-gb-lb-3521\" data-title=\"Palio 8\">\n\t\t\t\t\t\t\t\t\t\t\n\t\t\t\t\t<img loading=\"lazy\" decoding=\"async\" width=\"552\" height=\"309\" src=\"https:\/\/comune.cerroalvolturno.is.it\/i\/wp-content\/uploads\/2021\/03\/Palio-8.jpg\" class=\"attachment-full size-full\" alt=\"\" srcset=\"https:\/\/comune.cerroalvolturno.is.it\/i\/wp-content\/uploads\/2021\/03\/Palio-8.jpg 552w, https:\/\/comune.cerroalvolturno.is.it\/i\/wp-content\/uploads\/2021\/03\/Palio-8-300x168.jpg 300w\" sizes=\"auto, (max-width: 552px) 100vw, 552px\" \/>\t\t\t\t\t\n\t\t\t\t\t\t\t\t\t\t\t<\/a>\n\t\t\t\t\t\t\t\t\t<\/div>\n\t\t\t<\/div>\n\t\t\t\t\t<div class=\"evc-gb-image-wrapper evc-element-item \">\n\t\t\t\t<div class=\"evc-gb-image evc-ib-lightbox\">\n\t\t\t\t\t\t\t\t\t\t\n\t\t\t\t\t\t\t\t\t\t\t<a class=\"evc-gb-lightbox\" href=\"https:\/\/comune.cerroalvolturno.is.it\/i\/wp-content\/uploads\/2021\/03\/Palio-5.jpg\" data-lightbox=\"evc-gb-lb-3521\" data-title=\"Palio 5\">\n\t\t\t\t\t\t\t\t\t\t\n\t\t\t\t\t<img loading=\"lazy\" decoding=\"async\" width=\"1600\" height=\"900\" src=\"https:\/\/comune.cerroalvolturno.is.it\/i\/wp-content\/uploads\/2021\/03\/Palio-5.jpg\" class=\"attachment-full size-full\" alt=\"\" srcset=\"https:\/\/comune.cerroalvolturno.is.it\/i\/wp-content\/uploads\/2021\/03\/Palio-5.jpg 1600w, https:\/\/comune.cerroalvolturno.is.it\/i\/wp-content\/uploads\/2021\/03\/Palio-5-300x169.jpg 300w, https:\/\/comune.cerroalvolturno.is.it\/i\/wp-content\/uploads\/2021\/03\/Palio-5-1024x576.jpg 1024w, https:\/\/comune.cerroalvolturno.is.it\/i\/wp-content\/uploads\/2021\/03\/Palio-5-768x432.jpg 768w, https:\/\/comune.cerroalvolturno.is.it\/i\/wp-content\/uploads\/2021\/03\/Palio-5-1536x864.jpg 1536w\" sizes=\"auto, (max-width: 1600px) 100vw, 1600px\" \/>\t\t\t\t\t\n\t\t\t\t\t\t\t\t\t\t\t<\/a>\n\t\t\t\t\t\t\t\t\t<\/div>\n\t\t\t<\/div>\n\t\t\t\t\t<div class=\"evc-gb-image-wrapper evc-element-item \">\n\t\t\t\t<div class=\"evc-gb-image evc-ib-lightbox\">\n\t\t\t\t\t\t\t\t\t\t\n\t\t\t\t\t\t\t\t\t\t\t<a class=\"evc-gb-lightbox\" href=\"https:\/\/comune.cerroalvolturno.is.it\/i\/wp-content\/uploads\/2021\/03\/Palio-3.jpg\" data-lightbox=\"evc-gb-lb-3521\" data-title=\"Palio 3\">\n\t\t\t\t\t\t\t\t\t\t\n\t\t\t\t\t<img loading=\"lazy\" decoding=\"async\" width=\"1600\" height=\"900\" src=\"https:\/\/comune.cerroalvolturno.is.it\/i\/wp-content\/uploads\/2021\/03\/Palio-3.jpg\" class=\"attachment-full size-full\" alt=\"\" srcset=\"https:\/\/comune.cerroalvolturno.is.it\/i\/wp-content\/uploads\/2021\/03\/Palio-3.jpg 1600w, https:\/\/comune.cerroalvolturno.is.it\/i\/wp-content\/uploads\/2021\/03\/Palio-3-300x169.jpg 300w, https:\/\/comune.cerroalvolturno.is.it\/i\/wp-content\/uploads\/2021\/03\/Palio-3-1024x576.jpg 1024w, https:\/\/comune.cerroalvolturno.is.it\/i\/wp-content\/uploads\/2021\/03\/Palio-3-768x432.jpg 768w, https:\/\/comune.cerroalvolturno.is.it\/i\/wp-content\/uploads\/2021\/03\/Palio-3-1536x864.jpg 1536w\" sizes=\"auto, (max-width: 1600px) 100vw, 1600px\" \/>\t\t\t\t\t\n\t\t\t\t\t\t\t\t\t\t\t<\/a>\n\t\t\t\t\t\t\t\t\t<\/div>\n\t\t\t<\/div>\n\t\t\t\t\t<div class=\"evc-gb-image-wrapper evc-element-item \">\n\t\t\t\t<div class=\"evc-gb-image evc-ib-lightbox\">\n\t\t\t\t\t\t\t\t\t\t\n\t\t\t\t\t\t\t\t\t\t\t<a class=\"evc-gb-lightbox\" href=\"https:\/\/comune.cerroalvolturno.is.it\/i\/wp-content\/uploads\/2021\/03\/Palio-2.jpg\" data-lightbox=\"evc-gb-lb-3521\" data-title=\"Palio 2\">\n\t\t\t\t\t\t\t\t\t\t\n\t\t\t\t\t<img loading=\"lazy\" decoding=\"async\" width=\"552\" height=\"309\" src=\"https:\/\/comune.cerroalvolturno.is.it\/i\/wp-content\/uploads\/2021\/03\/Palio-2.jpg\" class=\"attachment-full size-full\" alt=\"\" srcset=\"https:\/\/comune.cerroalvolturno.is.it\/i\/wp-content\/uploads\/2021\/03\/Palio-2.jpg 552w, https:\/\/comune.cerroalvolturno.is.it\/i\/wp-content\/uploads\/2021\/03\/Palio-2-300x168.jpg 300w\" sizes=\"auto, (max-width: 552px) 100vw, 552px\" \/>\t\t\t\t\t\n\t\t\t\t\t\t\t\t\t\t\t<\/a>\n\t\t\t\t\t\t\t\t\t<\/div>\n\t\t\t<\/div>\n\t\t\t\t\t<div class=\"evc-gb-image-wrapper evc-element-item \">\n\t\t\t\t<div class=\"evc-gb-image evc-ib-lightbox\">\n\t\t\t\t\t\t\t\t\t\t\n\t\t\t\t\t\t\t\t\t\t\t<a class=\"evc-gb-lightbox\" href=\"https:\/\/comune.cerroalvolturno.is.it\/i\/wp-content\/uploads\/2021\/03\/14086359_1835362816696459_6295977985077420064_o.jpg\" data-lightbox=\"evc-gb-lb-3521\" data-title=\"14086359_1835362816696459_6295977985077420064_o\">\n\t\t\t\t\t\t\t\t\t\t\n\t\t\t\t\t<img loading=\"lazy\" decoding=\"async\" width=\"1600\" height=\"900\" src=\"https:\/\/comune.cerroalvolturno.is.it\/i\/wp-content\/uploads\/2021\/03\/14086359_1835362816696459_6295977985077420064_o.jpg\" class=\"attachment-full size-full\" alt=\"\" srcset=\"https:\/\/comune.cerroalvolturno.is.it\/i\/wp-content\/uploads\/2021\/03\/14086359_1835362816696459_6295977985077420064_o.jpg 1600w, https:\/\/comune.cerroalvolturno.is.it\/i\/wp-content\/uploads\/2021\/03\/14086359_1835362816696459_6295977985077420064_o-300x169.jpg 300w, https:\/\/comune.cerroalvolturno.is.it\/i\/wp-content\/uploads\/2021\/03\/14086359_1835362816696459_6295977985077420064_o-1024x576.jpg 1024w, https:\/\/comune.cerroalvolturno.is.it\/i\/wp-content\/uploads\/2021\/03\/14086359_1835362816696459_6295977985077420064_o-768x432.jpg 768w, https:\/\/comune.cerroalvolturno.is.it\/i\/wp-content\/uploads\/2021\/03\/14086359_1835362816696459_6295977985077420064_o-1536x864.jpg 1536w\" sizes=\"auto, (max-width: 1600px) 100vw, 1600px\" \/>\t\t\t\t\t\n\t\t\t\t\t\t\t\t\t\t\t<\/a>\n\t\t\t\t\t\t\t\t\t<\/div>\n\t\t\t<\/div>\n\t\t\t\t\t<div class=\"evc-gb-image-wrapper evc-element-item \">\n\t\t\t\t<div class=\"evc-gb-image evc-ib-lightbox\">\n\t\t\t\t\t\t\t\t\t\t\n\t\t\t\t\t\t\t\t\t\t\t<a class=\"evc-gb-lightbox\" href=\"https:\/\/comune.cerroalvolturno.is.it\/i\/wp-content\/uploads\/2021\/03\/Palio1.jpg\" data-lightbox=\"evc-gb-lb-3521\" data-title=\"Palio1\">\n\t\t\t\t\t\t\t\t\t\t\n\t\t\t\t\t<img loading=\"lazy\" decoding=\"async\" width=\"552\" height=\"310\" src=\"https:\/\/comune.cerroalvolturno.is.it\/i\/wp-content\/uploads\/2021\/03\/Palio1.jpg\" class=\"attachment-full size-full\" alt=\"\" srcset=\"https:\/\/comune.cerroalvolturno.is.it\/i\/wp-content\/uploads\/2021\/03\/Palio1.jpg 552w, https:\/\/comune.cerroalvolturno.is.it\/i\/wp-content\/uploads\/2021\/03\/Palio1-300x168.jpg 300w\" sizes=\"auto, (max-width: 552px) 100vw, 552px\" \/>\t\t\t\t\t\n\t\t\t\t\t\t\t\t\t\t\t<\/a>\n\t\t\t\t\t\t\t\t\t<\/div>\n\t\t\t<\/div>\n\t\t\t<\/div>\n<\/div>\n[\/vc_column][\/vc_row]<\/p>\n","protected":false},"excerpt":{"rendered":"<p>[vc_row][vc_column][vc_column_text]Sfida a suon di giochi popolari, prove di abilit\u00e0 e sfilata dei carri tra la quattro contrade Monte (Foci, San Vittorino e Cerreta) Rio ( &#8230; <\/p>\n","protected":false},"author":1,"featured_media":0,"comment_status":"open","ping_status":"open","sticky":false,"template":"","format":"standard","meta":{"footnotes":""},"categories":[6],"tags":[],"class_list":["post-525","post","type-post","status-publish","format-standard","hentry","category-eventi"],"_links":{"self":[{"href":"https:\/\/comune.cerroalvolturno.is.it\/i\/wp-json\/wp\/v2\/posts\/525","targetHints":{"allow":["GET"]}}],"collection":[{"href":"https:\/\/comune.cerroalvolturno.is.it\/i\/wp-json\/wp\/v2\/posts"}],"about":[{"href":"https:\/\/comune.cerroalvolturno.is.it\/i\/wp-json\/wp\/v2\/types\/post"}],"author":[{"embeddable":true,"href":"https:\/\/comune.cerroalvolturno.is.it\/i\/wp-json\/wp\/v2\/users\/1"}],"replies":[{"embeddable":true,"href":"https:\/\/comune.cerroalvolturno.is.it\/i\/wp-json\/wp\/v2\/comments?post=525"}],"version-history":[{"count":2,"href":"https:\/\/comune.cerroalvolturno.is.it\/i\/wp-json\/wp\/v2\/posts\/525\/revisions"}],"predecessor-version":[{"id":576,"href":"https:\/\/comune.cerroalvolturno.is.it\/i\/wp-json\/wp\/v2\/posts\/525\/revisions\/576"}],"wp:attachment":[{"href":"https:\/\/comune.cerroalvolturno.is.it\/i\/wp-json\/wp\/v2\/media?parent=525"}],"wp:term":[{"taxonomy":"category","embeddable":true,"href":"https:\/\/comune.cerroalvolturno.is.it\/i\/wp-json\/wp\/v2\/categories?post=525"},{"taxonomy":"post_tag","embeddable":true,"href":"https:\/\/comune.cerroalvolturno.is.it\/i\/wp-json\/wp\/v2\/tags?post=525"}],"curies":[{"name":"wp","href":"https:\/\/api.w.org\/{rel}","templated":true}]}}